{"id":607,"date":"2024-12-03T14:14:59","date_gmt":"2024-12-03T13:14:59","guid":{"rendered":"https:\/\/book2eat.eu\/c\/?p=607"},"modified":"2024-12-03T14:15:00","modified_gmt":"2024-12-03T13:15:00","slug":"grosse-ehre-tech2solutions-unter-den-top-10-im-bezirk-hollabrunn-beim-gruenderland-niederoesterreich-preis","status":"publish","type":"post","link":"https:\/\/book2eat.eu\/c\/grosse-ehre-tech2solutions-unter-den-top-10-im-bezirk-hollabrunn-beim-gruenderland-niederoesterreich-preis\/","title":{"rendered":"Gro\u00dfe Ehre: tech2solutions unter den Top 10 im Bezirk Hollabrunn beim \u201eGr\u00fcnderland Nieder\u00f6sterreich Preis\u201c"},"content":{"rendered":"\n<p>Wir freuen uns riesig, unter den besten zehn Unternehmen im Bezirk Hollabrunn beim diesj\u00e4hrigen \u201eGr\u00fcnderland Nieder\u00f6sterreich Preis\u201c ausgezeichnet worden zu sein! Dieser Preis, verliehen von Landeshauptfrau Johanna Mikl-Leitner und Wirtschaftskammerpr\u00e4sident Wolfgang Ecker, w\u00fcrdigt den Mut, die Vision und das Engagement von Jungunternehmerinnen und Jungunternehmern in Nieder\u00f6sterreich.<\/p>\n\n\n\n<p>Mit \u00fcber <strong>503 Einreichungen<\/strong> und <strong>28.000 abgegebenen Stimmen<\/strong> war das Interesse an diesem Wettbewerb enorm. Der Preis zeigt einmal mehr, dass Nieder\u00f6sterreich nicht nur ein fruchtbarer Boden f\u00fcr Innovation und Unternehmergeist ist, sondern auch die Leistungen junger Unternehmen zu sch\u00e4tzen wei\u00df.<\/p>\n\n\n\n<p><strong>Unsere Vision bei tech2solutions<\/strong><br>Bei tech2solutions setzen wir uns mit Leidenschaft daf\u00fcr ein, innovative und nachhaltige L\u00f6sungen zu entwickeln, die unsere Kunden und Partner begeistern. Diese Auszeichnung ist nicht nur eine Anerkennung unserer bisherigen Arbeit, sondern auch ein Ansporn, weiterhin unser Bestes zu geben und die Wirtschaft in der Region mitzugestalten.<\/p>\n\n\n\n<p><strong>Ein starkes Zeichen f\u00fcr Gr\u00fcnder in Nieder\u00f6sterreich<\/strong><br>Landeshauptfrau Mikl-Leitner unterstrich in ihrer Ansprache, wie wichtig Unternehmensgr\u00fcndungen f\u00fcr die regionale Wirtschaft sind. \u00dcber <strong>6.000 Neugr\u00fcndungen<\/strong> pro Jahr und mehr als <strong>100.000 selbstst\u00e4ndig Erwerbst\u00e4tige<\/strong> in Nieder\u00f6sterreich sind der Beweis daf\u00fcr, dass der Standort eine ideale Basis f\u00fcr Gr\u00fcnderinnen und Gr\u00fcnder bietet. Mit Initiativen wie diesem Preis, der Unterst\u00fctzung durch die Wirtschaftskammer N\u00d6 und der Gr\u00fcnderagentur riz up wird ein klares Signal gesetzt: <strong>Visionen werden hier Realit\u00e4t.<\/strong><\/p>\n\n\n\n<p>Wir danken allen, die uns auf unserem Weg unterst\u00fctzt haben \u2013 unseren Kundinnen und Kunden, Partnern und dem gesamten Team. Diese Auszeichnung geh\u00f6rt uns allen!<\/p>\n\n\n\n<p>Gemeinsam blicken wir mit voller Energie in die Zukunft und freuen uns darauf, weiterhin Innovation und Qualit\u00e4t aus Nieder\u00f6sterreich herauszutragen.<\/p>\n\n\n\n<p><\/p>\n\n\n\n<p>Bild: Gr\u00fcnderland Preisverleihung \u00a9 Josef Bollwein<\/p>\n","protected":false},"excerpt":{"rendered":"<p>Wir freuen uns riesig, unter den besten zehn Unternehmen im Bezirk Hollabrunn beim diesj\u00e4hrigen \u201eGr\u00fcnderland Nieder\u00f6sterreich Preis\u201c ausgezeichnet worden zu sein! Dieser Preis, verliehen von Landeshauptfrau Johanna Mikl-Leitner und Wirtschaftskammerpr\u00e4sident Wolfgang Ecker, w\u00fcrdigt den Mut, die Vision und das Engagement von Jungunternehmerinnen und Jungunternehmern in Nieder\u00f6sterreich. Mit \u00fcber 503 Einreichungen und 28.000 abgegebenen Stimmen war&hellip; <br \/> <a class=\"read-more\" href=\"https:\/\/book2eat.eu\/c\/grosse-ehre-tech2solutions-unter-den-top-10-im-bezirk-hollabrunn-beim-gruenderland-niederoesterreich-preis\/\">Read more<\/a><\/p>\n","protected":false},"author":1,"featured_media":608,"comment_status":"closed","ping_status":"open","sticky":false,"template":"","format":"standard","meta":{"footnotes":""},"categories":[4],"tags":[],"class_list":["post-607","post","type-post","status-publish","format-standard","has-post-thumbnail","hentry","category-presse"],"_links":{"self":[{"href":"https:\/\/book2eat.eu\/c\/wp-json\/wp\/v2\/posts\/607","targetHints":{"allow":["GET"]}}],"collection":[{"href":"https:\/\/book2eat.eu\/c\/wp-json\/wp\/v2\/posts"}],"about":[{"href":"https:\/\/book2eat.eu\/c\/wp-json\/wp\/v2\/types\/post"}],"author":[{"embeddable":true,"href":"https:\/\/book2eat.eu\/c\/wp-json\/wp\/v2\/users\/1"}],"replies":[{"embeddable":true,"href":"https:\/\/book2eat.eu\/c\/wp-json\/wp\/v2\/comments?post=607"}],"version-history":[{"count":1,"href":"https:\/\/book2eat.eu\/c\/wp-json\/wp\/v2\/posts\/607\/revisions"}],"predecessor-version":[{"id":609,"href":"https:\/\/book2eat.eu\/c\/wp-json\/wp\/v2\/posts\/607\/revisions\/609"}],"wp:featuredmedia":[{"embeddable":true,"href":"https:\/\/book2eat.eu\/c\/wp-json\/wp\/v2\/media\/608"}],"wp:attachment":[{"href":"https:\/\/book2eat.eu\/c\/wp-json\/wp\/v2\/media?parent=607"}],"wp:term":[{"taxonomy":"category","embeddable":true,"href":"https:\/\/book2eat.eu\/c\/wp-json\/wp\/v2\/categories?post=607"},{"taxonomy":"post_tag","embeddable":true,"href":"https:\/\/book2eat.eu\/c\/wp-json\/wp\/v2\/tags?post=607"}],"curies":[{"name":"wp","href":"https:\/\/api.w.org\/{rel}","templated":true}]}}